{"id":15945,"date":"2025-11-10T23:55:28","date_gmt":"2025-11-10T20:55:28","guid":{"rendered":"https:\/\/lawhub.info\/fr\/?p=15945"},"modified":"2025-11-10T23:55:30","modified_gmt":"2025-11-10T20:55:30","slug":"la-cour-dappel-de-paris-decide-de-liberer-sarkozy-et-de-le-placer-sous-controle-judiciaire","status":"publish","type":"post","link":"https:\/\/lawhub.info\/fr\/?p=15945","title":{"rendered":"La Cour d&#8217;appel de Paris d\u00e9cide de lib\u00e9rer Sarkozy et de le placer sous contr\u00f4le judiciaire."},"content":{"rendered":"\n<h2 class=\"wp-block-heading\">\ud83d\udcf0 <strong>La Cour d\u2019appel de Paris ordonne la lib\u00e9ration de Nicolas Sarkozy sous contr\u00f4le judiciaire<\/strong><\/h2>\n\n\n\n<p>Lundi 10 novembre 2025, la Cour d\u2019appel de Paris a d\u00e9cid\u00e9 de <strong>lib\u00e9rer l\u2019ancien pr\u00e9sident Nicolas Sarkozy<\/strong> apr\u00e8s environ <strong>vingt jours de d\u00e9tention<\/strong> \u00e0 la prison de la Sant\u00e9. Cette d\u00e9cision marque un nouveau tournant dans une affaire judiciaire qui passionne la France depuis plusieurs ann\u00e9es.<\/p>\n\n\n\n<hr class=\"wp-block-separator has-alpha-channel-opacity\"\/>\n\n\n\n<h3 class=\"wp-block-heading\">\ud83d\udd39 Un ancien chef d\u2019\u00c9tat derri\u00e8re les barreaux<\/h3>\n\n\n\n<p>Nicolas Sarkozy, pr\u00e9sident de la R\u00e9publique fran\u00e7aise de 2007 \u00e0 2012, avait \u00e9t\u00e9 condamn\u00e9 \u00e0 <strong>cinq ans de prison<\/strong>, dont <strong>deux ans ferme<\/strong>, pour <strong>corruption et trafic d\u2019influence<\/strong> dans l\u2019affaire dite des \u00ab \u00e9coutes t\u00e9l\u00e9phoniques \u00bb.<br>C\u2019est une premi\u00e8re dans l\u2019histoire de la Ve R\u00e9publique : jamais un ancien pr\u00e9sident n\u2019avait \u00e9t\u00e9 incarc\u00e9r\u00e9 dans une cellule ordinaire.<\/p>\n\n\n\n<p>Son incarc\u00e9ration, d\u00e9cid\u00e9e en octobre 2025, avait provoqu\u00e9 un vif d\u00e9bat en France sur la s\u00e9v\u00e9rit\u00e9 du traitement judiciaire r\u00e9serv\u00e9 aux anciens dirigeants.<\/p>\n\n\n\n<hr class=\"wp-block-separator has-alpha-channel-opacity\"\/>\n\n\n\n<h3 class=\"wp-block-heading\">\ud83d\udd39 Les raisons de sa lib\u00e9ration<\/h3>\n\n\n\n<p>La Cour d\u2019appel a estim\u00e9 que le maintien en d\u00e9tention n\u2019\u00e9tait plus n\u00e9cessaire, consid\u00e9rant que <strong>le risque de fuite, de pression sur les t\u00e9moins ou de destruction de preuves<\/strong> \u00e9tait d\u00e9sormais limit\u00e9.<br>Ainsi, la juridiction a accord\u00e9 la <strong>libert\u00e9 sous contr\u00f4le judiciaire<\/strong> \u00e0 Nicolas Sarkozy, assortie de conditions strictes :<\/p>\n\n\n\n<ul class=\"wp-block-list\">\n<li>Interdiction de quitter le territoire fran\u00e7ais ;<\/li>\n\n\n\n<li>Interdiction de contacter certains protagonistes du dossier ;<\/li>\n\n\n\n<li>Obligation de se pr\u00e9senter aux convocations judiciaires ;<\/li>\n\n\n\n<li>Engagement de ne pas interf\u00e9rer dans la proc\u00e9dure d\u2019appel en cours.<\/li>\n<\/ul>\n\n\n\n<p>Cette d\u00e9cision ne remet pas en cause la condamnation initiale, mais permet \u00e0 Sarkozy de rester libre jusqu\u2019\u00e0 l\u2019examen complet de son recours, pr\u00e9vu pour <strong>mars 2026<\/strong>.<\/p>\n\n\n\n<hr class=\"wp-block-separator has-alpha-channel-opacity\"\/>\n\n\n\n<h3 class=\"wp-block-heading\">\ud83d\udd39 Un soulagement pour la d\u00e9fense, une controverse pour l\u2019opinion<\/h3>\n\n\n\n<p>Les avocats de l\u2019ancien pr\u00e9sident ont salu\u00e9 une d\u00e9cision \u00ab \u00e9quilibr\u00e9e et humaine \u00bb, affirmant que leur client \u00ab a toujours eu confiance en la justice de son pays \u00bb.<br>De leur c\u00f4t\u00e9, certains observateurs d\u00e9noncent un traitement de faveur, estimant qu\u2019\u00ab un citoyen ordinaire n\u2019aurait pas b\u00e9n\u00e9fici\u00e9 d\u2019une telle cl\u00e9mence \u00bb.<\/p>\n\n\n\n<p>Le d\u00e9bat relance la question de <strong>l\u2019\u00e9galit\u00e9 devant la justice<\/strong>, un principe fondamental mais souvent remis en cause lorsqu\u2019il s\u2019agit de personnalit\u00e9s politiques de haut rang.<\/p>\n\n\n\n<hr class=\"wp-block-separator has-alpha-channel-opacity\"\/>\n\n\n\n<h3 class=\"wp-block-heading\">\ud83d\udd39 Une port\u00e9e symbolique et juridique majeure<\/h3>\n\n\n\n<p>Cette d\u00e9cision illustre la <strong>complexit\u00e9 du rapport entre pouvoir politique et autorit\u00e9 judiciaire<\/strong> en France.<br>Pour beaucoup, elle t\u00e9moigne d\u2019une justice ind\u00e9pendante capable de concilier rigueur et humanit\u00e9. Pour d\u2019autres, elle souligne les limites d\u2019un syst\u00e8me encore influenc\u00e9 par les \u00e9quilibres politiques.<\/p>\n\n\n\n<p>D\u2019un point de vue strictement juridique, le contr\u00f4le judiciaire permet d\u2019assurer le respect de la proc\u00e9dure sans recourir \u00e0 l\u2019incarc\u00e9ration, tout en garantissant que l\u2019accus\u00e9 demeure disponible pour la suite du proc\u00e8s.<\/p>\n\n\n\n<hr class=\"wp-block-separator has-alpha-channel-opacity\"\/>\n\n\n\n<h3 class=\"wp-block-heading\">\ud83d\udd39 Un cas d\u2019\u00e9tude pour le monde arabe<\/h3>\n\n\n\n<p>Pour les observateurs \u00e9trangers, notamment dans le monde arabe, le \u00ab cas Sarkozy \u00bb constitue un <strong>exemple concret d\u2019application du principe de responsabilit\u00e9 des dirigeants<\/strong>, m\u00eame apr\u00e8s leur mandat.<br>Il montre comment une d\u00e9mocratie peut juger un ancien pr\u00e9sident sans effondrer ses institutions, et comment la justice peut \u00e9quilibrer autorit\u00e9, respect des droits et transparence.<\/p>\n\n\n\n<hr class=\"wp-block-separator has-alpha-channel-opacity\"\/>\n\n\n\n<h3 class=\"wp-block-heading\">\ud83c\udfdb\ufe0f <strong>Conclusion<\/strong><\/h3>\n\n\n\n<p>La lib\u00e9ration de Nicolas Sarkozy sous contr\u00f4le judiciaire ne met pas fin \u00e0 ses ennuis judiciaires.<br>Elle ouvre plut\u00f4t une nouvelle \u00e9tape dans un feuilleton politico-judiciaire qui continue de fa\u00e7onner le d\u00e9bat sur la justice, l\u2019\u00e9thique et la responsabilit\u00e9 des dirigeants en France.<\/p>\n\n\n\n<p>Le monde entier observe d\u00e9sormais comment les tribunaux fran\u00e7ais g\u00e9reront le prochain chapitre de cette affaire embl\u00e9matique.<\/p>\n","protected":false},"excerpt":{"rendered":"<p>\ud83d\udcf0 La Cour d\u2019appel de Paris ordonne la lib\u00e9ration de Nicolas Sarkozy sous contr\u00f4le judiciaire Lundi 10 novembre 2025, la Cour d\u2019appel de Paris a d\u00e9cid\u00e9 de lib\u00e9rer l\u2019ancien pr\u00e9sident Nicolas Sarkozy apr\u00e8s environ vingt jours de d\u00e9tention \u00e0 la prison de la Sant\u00e9. Cette d\u00e9cision marque un nouveau tournant dans une affaire judiciaire qui [&hellip;]<\/p>\n","protected":false},"author":1,"featured_media":0,"comment_status":"closed","ping_status":"open","sticky":false,"template":"","format":"standard","meta":{"footnotes":""},"categories":[1],"tags":[],"class_list":["post-15945","post","type-post","status-publish","format-standard","hentry","category-1"],"_links":{"self":[{"href":"https:\/\/lawhub.info\/fr\/index.php?rest_route=\/wp\/v2\/posts\/15945","targetHints":{"allow":["GET"]}}],"collection":[{"href":"https:\/\/lawhub.info\/fr\/index.php?rest_route=\/wp\/v2\/posts"}],"about":[{"href":"https:\/\/lawhub.info\/fr\/index.php?rest_route=\/wp\/v2\/types\/post"}],"author":[{"embeddable":true,"href":"https:\/\/lawhub.info\/fr\/index.php?rest_route=\/wp\/v2\/users\/1"}],"replies":[{"embeddable":true,"href":"https:\/\/lawhub.info\/fr\/index.php?rest_route=%2Fwp%2Fv2%2Fcomments&post=15945"}],"version-history":[{"count":1,"href":"https:\/\/lawhub.info\/fr\/index.php?rest_route=\/wp\/v2\/posts\/15945\/revisions"}],"predecessor-version":[{"id":15946,"href":"https:\/\/lawhub.info\/fr\/index.php?rest_route=\/wp\/v2\/posts\/15945\/revisions\/15946"}],"wp:attachment":[{"href":"https:\/\/lawhub.info\/fr\/index.php?rest_route=%2Fwp%2Fv2%2Fmedia&parent=15945"}],"wp:term":[{"taxonomy":"category","embeddable":true,"href":"https:\/\/lawhub.info\/fr\/index.php?rest_route=%2Fwp%2Fv2%2Fcategories&post=15945"},{"taxonomy":"post_tag","embeddable":true,"href":"https:\/\/lawhub.info\/fr\/index.php?rest_route=%2Fwp%2Fv2%2Ftags&post=15945"}],"curies":[{"name":"wp","href":"https:\/\/api.w.org\/{rel}","templated":true}]}}